{"id":1190,"date":"2015-11-16T08:28:24","date_gmt":"2015-11-16T08:28:24","guid":{"rendered":"http:\/\/site.ombudsman.hr\/?p=1190"},"modified":"2019-07-25T09:20:03","modified_gmt":"2019-07-25T09:20:03","slug":"osnovan-institut-za-politicku-ekologiju","status":"publish","type":"post","link":"https:\/\/www.ombudsman.hr\/hr\/osnovan-institut-za-politicku-ekologiju\/","title":{"rendered":"Osnovan Institut za politi\u010dku ekologiju"},"content":{"rendered":"<p style=\"text-align: left;\">Za\u0161tita okoli\u0161a u Hrvatskoj od sada je bogatija za jo\u0161 jednog aktera, Institut za politi\u010dku ekologiju (IPE). Osnovan je kako bi, objedinjuju\u0107i znanost i aktivizam, aktualizirao ekolo\u0161ka pitanja i razvijao modele upravljanja zajedni\u010dkim dobrima. S radom je slu\u017ebeno zapo\u010deo organizirav\u0161i cjelodnevnu konferenciju pod nazivom: \u201eKlimatska pravda: perspektive prirodnih i dru\u0161tvenih znanosti\u201c, koja je odr\u017eana\u00a0 13. studenog u Novinarskom domu u Zagrebu.<\/p>\n<p><!--more--><\/p>\n<p style=\"text-align: left;\">Na svojoj prvoj godi\u0161njoj konferenciji, Institut za politi\u010dku ekologiju uklju\u010dio je istra\u017eiva\u010de iz razli\u010ditih disciplina s podru\u010dja klimatskih znanosti i ekologije, s ciljem pru\u017eanja specifi\u010dnih uvida, osvrta i diskusija na temu klimatskih promjena i politika koje su uz njih vezane. Tako\u0111er, jedan od specifi\u010dnih ciljeva bio je unaprijediti dijalog izme\u0111u istra\u017eiva\u010da iz prirodnih znanosti, koji se bave fizi\u010dkim uzrocima klimatskih promjena, te istra\u017eiva\u010da iz dru\u0161tvenih znanosti, koji pru\u017eaju znanje o dru\u0161tvenim utjecajima i politikama prilagodbe na posljedice klimatskih promjena. Konferencija je doprinijela javnoj raspravi u Hrvatskoj na ovu temu, te je poslu\u017eila kao uvod za nadolaze\u0107u Konferenciju stranaka UNFCCC, koja \u0107e se uskoro odr\u017eati u Parizu. Njezina tema bit \u0107e\u00a0 pravedna raspodjela posljedica, uzrokovanih klimatskim promjenama me\u0111u zemljama svijeta, te stvaranje novih modela kojima bi se unaprijedile dosada\u0161nje politike odr\u017eivog razvoja i pristupa ekologiji.<\/p>\n","protected":false},"excerpt":{"rendered":"<p>Za\u0161tita okoli\u0161a u Hrvatskoj od sada je bogatija za jo\u0161 jednog aktera, Institut za politi\u010dku ekologiju (IPE). Osnovan je kako bi, objedinjuju\u0107i znanost i aktivizam, aktualizirao ekolo\u0161ka pitanja i razvijao modele upravljanja zajedni\u010dkim dobrima. S radom je slu\u017ebeno zapo\u010deo organizirav\u0161i cjelodnevnu konferenciju pod nazivom: \u201eKlimatska pravda: perspektive prirodnih i dru\u0161tvenih znanosti\u201c, koja je odr\u017eana\u00a0 13. [&hellip;]<\/p>\n","protected":false},"author":1,"featured_media":6470,"comment_status":"open","ping_status":"open","sticky":false,"template":"","format":"standard","meta":{"footnotes":""},"categories":[2090],"tags":[696,883,1095,1288],"class_list":["post-1190","post","type-post","status-publish","format-standard","has-post-thumbnail","hentry","category-novosti","tag-zastita-okolisa","tag-konferencija","tag-organizacije-civilnog-drustva","tag-zastita-i-promocija-ljudskih-prava"],"_links":{"self":[{"href":"https:\/\/www.ombudsman.hr\/hr\/wp-json\/wp\/v2\/posts\/1190","targetHints":{"allow":["GET"]}}],"collection":[{"href":"https:\/\/www.ombudsman.hr\/hr\/wp-json\/wp\/v2\/posts"}],"about":[{"href":"https:\/\/www.ombudsman.hr\/hr\/wp-json\/wp\/v2\/types\/post"}],"author":[{"embeddable":true,"href":"https:\/\/www.ombudsman.hr\/hr\/wp-json\/wp\/v2\/users\/1"}],"replies":[{"embeddable":true,"href":"https:\/\/www.ombudsman.hr\/hr\/wp-json\/wp\/v2\/comments?post=1190"}],"version-history":[{"count":2,"href":"https:\/\/www.ombudsman.hr\/hr\/wp-json\/wp\/v2\/posts\/1190\/revisions"}],"predecessor-version":[{"id":6469,"href":"https:\/\/www.ombudsman.hr\/hr\/wp-json\/wp\/v2\/posts\/1190\/revisions\/6469"}],"wp:featuredmedia":[{"embeddable":true,"href":"https:\/\/www.ombudsman.hr\/hr\/wp-json\/wp\/v2\/media\/6470"}],"wp:attachment":[{"href":"https:\/\/www.ombudsman.hr\/hr\/wp-json\/wp\/v2\/media?parent=1190"}],"wp:term":[{"taxonomy":"category","embeddable":true,"href":"https:\/\/www.ombudsman.hr\/hr\/wp-json\/wp\/v2\/categories?post=1190"},{"taxonomy":"post_tag","embeddable":true,"href":"https:\/\/www.ombudsman.hr\/hr\/wp-json\/wp\/v2\/tags?post=1190"}],"curies":[{"name":"wp","href":"https:\/\/api.w.org\/{rel}","templated":true}]}}