{"id":1126,"date":"2015-11-20T15:17:10","date_gmt":"2015-11-20T14:17:10","guid":{"rendered":"http:\/\/site.ombudsman.hr\/?p=1126"},"modified":"2015-11-20T15:17:10","modified_gmt":"2015-11-20T14:17:10","slug":"ured-visokog-povjerenika-un-a-za-ljudska-prava-ohchr","status":"publish","type":"post","link":"https:\/\/www.ombudsman.hr\/hr\/ured-visokog-povjerenika-un-a-za-ljudska-prava-ohchr\/","title":{"rendered":"Ured visokog povjerenika UN-a za ljudska prava &#8211; OHCHR"},"content":{"rendered":"<p style=\"margin-bottom: 0.0001pt; text-align: justify;\">Visoki povjerenik za ljudska prava glavni je du\u017enosnik za ljudska prava Ujedinjenih naroda i na \u010delu je OHCHR-a. Prioriteti OHCHR-a su ja\u010danje me\u0111unarodnih mehanizama za ljudska prava, jednakost i borba protiv diskriminacije, ja\u010danje odgovornosti i vladavine prava, integriranje ljudskih prava u razvoj i ekonomiju, &scaron;irenje demokratskog prostora i za&scaron;tita ljudskih prava u situacijama sukoba, nasilja i nesigurnosti.<\/p>\n<p>&nbsp;<\/p>\n<p>Profil Hrvatske mo\u017eete prona\u0107i <a href=\"http:\/\/www.ohchr.org\/en\/countries\/enacaregion\/pages\/hrindex.aspx\">ovdje<\/a>.<\/p>\n","protected":false},"excerpt":{"rendered":"<p>Visoki povjerenik za ljudska prava glavni je du\u017enosnik za ljudska prava Ujedinjenih naroda i na \u010delu je OHCHR-a. Prioriteti OHCHR-a su ja\u010danje me\u0111unarodnih mehanizama za ljudska prava, jednakost i borba protiv diskriminacije, ja\u010danje odgovornosti i vladavine prava, integriranje ljudskih prava u razvoj i ekonomiju, &scaron;irenje demokratskog prostora i za&scaron;tita ljudskih prava u situacijama sukoba, nasilja [&hellip;]<\/p>\n","protected":false},"author":1,"featured_media":0,"comment_status":"open","ping_status":"open","sticky":false,"template":"","format":"standard","meta":{"footnotes":""},"categories":[1],"tags":[],"class_list":["post-1126","post","type-post","status-publish","format-standard","hentry","category-uncategorized"],"_links":{"self":[{"href":"https:\/\/www.ombudsman.hr\/hr\/wp-json\/wp\/v2\/posts\/1126","targetHints":{"allow":["GET"]}}],"collection":[{"href":"https:\/\/www.ombudsman.hr\/hr\/wp-json\/wp\/v2\/posts"}],"about":[{"href":"https:\/\/www.ombudsman.hr\/hr\/wp-json\/wp\/v2\/types\/post"}],"author":[{"embeddable":true,"href":"https:\/\/www.ombudsman.hr\/hr\/wp-json\/wp\/v2\/users\/1"}],"replies":[{"embeddable":true,"href":"https:\/\/www.ombudsman.hr\/hr\/wp-json\/wp\/v2\/comments?post=1126"}],"version-history":[{"count":0,"href":"https:\/\/www.ombudsman.hr\/hr\/wp-json\/wp\/v2\/posts\/1126\/revisions"}],"wp:attachment":[{"href":"https:\/\/www.ombudsman.hr\/hr\/wp-json\/wp\/v2\/media?parent=1126"}],"wp:term":[{"taxonomy":"category","embeddable":true,"href":"https:\/\/www.ombudsman.hr\/hr\/wp-json\/wp\/v2\/categories?post=1126"},{"taxonomy":"post_tag","embeddable":true,"href":"https:\/\/www.ombudsman.hr\/hr\/wp-json\/wp\/v2\/tags?post=1126"}],"curies":[{"name":"wp","href":"https:\/\/api.w.org\/{rel}","templated":true}]}}