{"id":1123,"date":"2015-11-20T13:53:13","date_gmt":"2015-11-20T12:53:13","guid":{"rendered":"http:\/\/site.ombudsman.hr\/?p=1123"},"modified":"2019-04-22T19:19:41","modified_gmt":"2019-04-22T19:19:41","slug":"prijavite-diskriminaciju","status":"publish","type":"post","link":"https:\/\/www.ombudsman.hr\/hr\/prijavite-diskriminaciju\/","title":{"rendered":"Antidiskriminacijska telefonska linija"},"content":{"rendered":"<p>Diskriminacija je stavljanje nekoga u nepovoljniji polo\u017eaj zbog osobne karakteristike, poput dobi, obrazovanja, imovnog stanja i drugih osnova navedenih u Zakonu o suzbijanju diskriminacije. Iako je zakonom zabranjena, iskustva pu\u010dke pravobraniteljice s terena, kontakata s gra\u0111anima i raznim organizacijama civilnog dru&scaron;tva, kao i istra\u017eivanja, govore kako je diskriminacija itekako prisutna. Tako ju je prema posljednjem istra\u017eivanju Europske komisije, Eurobarometru, do\u017eivjela \u010dak svaka tre\u0107a osoba u Hrvatskoj.<\/p>\n<p>Diskriminacija se naj\u010de&scaron;\u0107e ne prijavljuje jer gra\u0111ani nemaju dovoljno informacija o tome kako je prepoznati pa nisu ni svjesni da im se doga\u0111a. No, \u010dak i kada je prepoznaju, nemaju povjerenja u sustav, zbog \u010dega se diskriminaciju boje prijaviti.<\/p>\n<p>Svatko tko misli da je stavljen u nepovoljniji polo\u017eaj zbog osobne karakteristike mo\u017ee se sa svim pitanjima obratiti savjetnicima pu\u010dke pravobraniteljice putem jedine specijalizirane linije u Hrvatskoj posve\u0107ene borbi protiv diskriminacije. Dovoljno je nazvati 01\/4851-854, svaki radni dan od 9 do 13 sati.<\/p>\n<p>Na antidiskriminacijskoj liniji mo\u017eete dobiti savjet o tome kako se od diskriminacije za&scaron;tititi te, ukoliko postoji sumnja da je rije\u010d o diskriminaciji na jednoj od osnova u nadle\u017enosti institucije, koje sve informacije trebate dostaviti kako bi pu\u010dka pravobraniteljica mogla pokrenuti ispitni postupak.&nbsp;<\/p><\/p>\n","protected":false},"excerpt":{"rendered":"<p>Diskriminacija je stavljanje nekoga u nepovoljniji polo\u017eaj zbog osobne karakteristike, poput dobi, obrazovanja, imovnog stanja i drugih osnova navedenih u Zakonu o suzbijanju diskriminacije. Iako je zakonom zabranjena, iskustva pu\u010dke pravobraniteljice s terena, kontakata s gra\u0111anima i raznim organizacijama civilnog dru&scaron;tva, kao i istra\u017eivanja, govore kako je diskriminacija itekako prisutna. Tako ju je prema posljednjem [&hellip;]<\/p>\n","protected":false},"author":1,"featured_media":1122,"comment_status":"open","ping_status":"open","sticky":false,"template":"","format":"standard","meta":{"footnotes":""},"categories":[1],"tags":[],"class_list":["post-1123","post","type-post","status-publish","format-standard","has-post-thumbnail","hentry","category-uncategorized"],"_links":{"self":[{"href":"https:\/\/www.ombudsman.hr\/hr\/wp-json\/wp\/v2\/posts\/1123","targetHints":{"allow":["GET"]}}],"collection":[{"href":"https:\/\/www.ombudsman.hr\/hr\/wp-json\/wp\/v2\/posts"}],"about":[{"href":"https:\/\/www.ombudsman.hr\/hr\/wp-json\/wp\/v2\/types\/post"}],"author":[{"embeddable":true,"href":"https:\/\/www.ombudsman.hr\/hr\/wp-json\/wp\/v2\/users\/1"}],"replies":[{"embeddable":true,"href":"https:\/\/www.ombudsman.hr\/hr\/wp-json\/wp\/v2\/comments?post=1123"}],"version-history":[{"count":1,"href":"https:\/\/www.ombudsman.hr\/hr\/wp-json\/wp\/v2\/posts\/1123\/revisions"}],"predecessor-version":[{"id":3969,"href":"https:\/\/www.ombudsman.hr\/hr\/wp-json\/wp\/v2\/posts\/1123\/revisions\/3969"}],"wp:featuredmedia":[{"embeddable":true,"href":"https:\/\/www.ombudsman.hr\/hr\/wp-json\/wp\/v2\/media\/1122"}],"wp:attachment":[{"href":"https:\/\/www.ombudsman.hr\/hr\/wp-json\/wp\/v2\/media?parent=1123"}],"wp:term":[{"taxonomy":"category","embeddable":true,"href":"https:\/\/www.ombudsman.hr\/hr\/wp-json\/wp\/v2\/categories?post=1123"},{"taxonomy":"post_tag","embeddable":true,"href":"https:\/\/www.ombudsman.hr\/hr\/wp-json\/wp\/v2\/tags?post=1123"}],"curies":[{"name":"wp","href":"https:\/\/api.w.org\/{rel}","templated":true}]}}