{"id":10922,"date":"2021-03-19T15:03:50","date_gmt":"2021-03-19T13:03:50","guid":{"rendered":"https:\/\/www.ombudsman.hr\/hr\/?p=10922"},"modified":"2021-03-19T17:26:13","modified_gmt":"2021-03-19T15:26:13","slug":"tena-simonovic-einwalter-nova-je-pucka-pravobraniteljica","status":"publish","type":"post","link":"https:\/\/www.ombudsman.hr\/hr\/tena-simonovic-einwalter-nova-je-pucka-pravobraniteljica\/","title":{"rendered":"Tena \u0160imonovi\u0107 Einwalter nova je pu\u010dka pravobraniteljica"},"content":{"rendered":"<p>Na plenarnoj sjednici odr\u017eanoj u petak 19. o\u017eujka 2021., Hrvatski sabor je s ukupno 115 glasova zastupnika izabrao Tenu \u0160imonovi\u0107 Einwalter za novu pu\u010dku pravobraniteljicu.<\/p>\n<p>Kao opunomo\u0107enica Hrvatskog sabora, s mandatom u trajanju od osam godina, pu\u010dka pravobraniteljica zadu\u017eena je za za\u0161titu i promicanje ljudskih prava i sloboda, sredi\u0161nje je tijelo za suzbijanje diskriminacije, djeluje kao Nacionalni preventivni mehanizam za za\u0161titu osoba li\u0161enih slobode, a nadle\u017ena je i za vanjsko prijavljivanje nepravilnosti. U svom je radu samostalna i neovisna, a djeluje u okviru nadle\u017enosti propisanih Ustavom, Zakonom o pu\u010dkom pravobranitelju, Zakonom o suzbijanju diskriminacije, Zakonom o nacionalnom preventivnom mehanizmu te Zakonom o za\u0161titi prijavitelja nepravilnosti. Vi\u0161e informacija o ovlastima i nadle\u017enostima prona\u0111ite <a href=\"https:\/\/www.ombudsman.hr\/hr\/ovlasti-i-nadleznosti\/\">ovdje<\/a>.<\/p>\n<p>Od <a href=\"https:\/\/www.ombudsman.hr\/hr\/povijest-institucije\/\">utemeljenja<\/a> ove institucije 1990. godine, Tena \u0160imonovi\u0107 Einwalter peta je pu\u010dka pravobraniteljica po redu. Nakon \u0161to je 2003. godine diplomirala <em>magna cum laude<\/em> na Pravnom fakultetu u Zagrebu, 2005. joj je dodijeljena diploma Me\u0111unarodnog instituta za ljudska prava u Strasbourgu. Poslijediplomski studij europskog i komparativnog prava na Pravnom fakultetu Sveu\u010dili\u0161ta u Oxfordu zavr\u0161ila je 2007., a 2013. i poslijediplomski znanstveni studij me\u0111unarodnih odnosa na Fakultetu politi\u010dkih znanosti u Zagrebu.<\/p>\n<p>Kao stru\u010dnjakinja za borbu protiv diskriminacije predstavnica je Republike Hrvatske u Europskoj komisiji protiv rasizma i nesno\u0161ljivosti (ECRI) Vije\u0107a Europe, a trenutno u drugom dvogodi\u0161njem mandatu predsjeda i Izvr\u0161nim odborom Europske mre\u017ee tijela za suzbijanje diskriminacije i promicanje jednakosti (EQUINET), nakon reizbora 2019. godine.<\/p>\n<p>Na novu du\u017enost dolazi s pozicije dosada\u0161nje zamjenice pu\u010dke pravobraniteljice, nakon \u0161to je Lori Vidovi\u0107 istekao <a href=\"https:\/\/www.ombudsman.hr\/hr\/2013-2021\/\">osmogodi\u0161nji mandat<\/a>.<\/p>\n<p>&nbsp;<\/p>\n<p>&nbsp;<\/p>\n<p>&nbsp;<\/p>\n","protected":false},"excerpt":{"rendered":"<p>Na plenarnoj sjednici odr\u017eanoj u petak 19. o\u017eujka 2021., Hrvatski sabor je s ukupno 115 glasova zastupnika izabrao Tenu \u0160imonovi\u0107 Einwalter za novu pu\u010dku pravobraniteljicu. Kao opunomo\u0107enica Hrvatskog sabora, s mandatom u trajanju od osam godina, pu\u010dka pravobraniteljica zadu\u017eena je za za\u0161titu i promicanje ljudskih prava i sloboda, sredi\u0161nje je tijelo za suzbijanje diskriminacije, djeluje [&hellip;]<\/p>\n","protected":false},"author":7,"featured_media":9897,"comment_status":"closed","ping_status":"closed","sticky":false,"template":"","format":"standard","meta":{"footnotes":""},"categories":[2090],"tags":[],"class_list":["post-10922","post","type-post","status-publish","format-standard","has-post-thumbnail","hentry","category-novosti"],"_links":{"self":[{"href":"https:\/\/www.ombudsman.hr\/hr\/wp-json\/wp\/v2\/posts\/10922","targetHints":{"allow":["GET"]}}],"collection":[{"href":"https:\/\/www.ombudsman.hr\/hr\/wp-json\/wp\/v2\/posts"}],"about":[{"href":"https:\/\/www.ombudsman.hr\/hr\/wp-json\/wp\/v2\/types\/post"}],"author":[{"embeddable":true,"href":"https:\/\/www.ombudsman.hr\/hr\/wp-json\/wp\/v2\/users\/7"}],"replies":[{"embeddable":true,"href":"https:\/\/www.ombudsman.hr\/hr\/wp-json\/wp\/v2\/comments?post=10922"}],"version-history":[{"count":5,"href":"https:\/\/www.ombudsman.hr\/hr\/wp-json\/wp\/v2\/posts\/10922\/revisions"}],"predecessor-version":[{"id":10928,"href":"https:\/\/www.ombudsman.hr\/hr\/wp-json\/wp\/v2\/posts\/10922\/revisions\/10928"}],"wp:featuredmedia":[{"embeddable":true,"href":"https:\/\/www.ombudsman.hr\/hr\/wp-json\/wp\/v2\/media\/9897"}],"wp:attachment":[{"href":"https:\/\/www.ombudsman.hr\/hr\/wp-json\/wp\/v2\/media?parent=10922"}],"wp:term":[{"taxonomy":"category","embeddable":true,"href":"https:\/\/www.ombudsman.hr\/hr\/wp-json\/wp\/v2\/categories?post=10922"},{"taxonomy":"post_tag","embeddable":true,"href":"https:\/\/www.ombudsman.hr\/hr\/wp-json\/wp\/v2\/tags?post=10922"}],"curies":[{"name":"wp","href":"https:\/\/api.w.org\/{rel}","templated":true}]}}