{"id":1055,"date":"2015-06-02T11:20:01","date_gmt":"2015-06-02T11:20:01","guid":{"rendered":"http:\/\/site.ombudsman.hr\/?p=1055"},"modified":"2019-05-20T10:51:13","modified_gmt":"2019-05-20T10:51:13","slug":"posjet-makedonskog-izaslanstva-vezano-uz-zlocine-iz-mrznje","status":"publish","type":"post","link":"https:\/\/www.ombudsman.hr\/hr\/posjet-makedonskog-izaslanstva-vezano-uz-zlocine-iz-mrznje\/","title":{"rendered":"Posjet makedonskog izaslanstva vezano uz zlo\u010dine iz mr\u017enje"},"content":{"rendered":"<p style=\"text-align: justify;\">Savjetnici pu\u010dke pravobraniteljice sastali su se 1. lipnja 2015. godine sa izaslanstvom makedonskih institucija i tijela u posjetu hrvatskim institucijama i tijelima uklju\u010denim u rad hrvatskog sustava suzbijanja zlo\u010dina iz mr\u017enje, u koji je kao \u010dlanica Radne skupine za pra\u0107enje zlo\u010dina iz mr\u017enje uklju\u010dena i pu\u010dka pravobraniteljica.<\/p>\n<p style=\"text-align: justify;\">S \u010dlanovima izaslanstva, koje su sa\u010dinjavali predstavnici makedonske akademske zajednice, pravosudnih i dr\u017eavnih tijela nadle\u017enih za progon po\u010dinitelja te suzbijanje diskriminacije, kao i nevladinih organizacija, a \u010diji posjet je organizirala\u00a0 Misija OESS-a u Makedoniji, predstavnici ureda pu\u010dke pravobraniteljice raspravili su posebnosti hrvatskog sustava suzbijanja zlo\u010dina iz mr\u017enje, ali i drugih oblika nejednakog postupanja motiviranih osobinama \u017ertve, iz aspekta nacionalne institucije za ljudska prava, nacionalnog tijela za promicanje jednakosti i nacionalnog preventivnog mehanizma za za\u0161titu od mu\u010denja i drugog ne\u010dovje\u010dnog postupanja.<\/p>\n","protected":false},"excerpt":{"rendered":"<p>Savjetnici pu\u010dke pravobraniteljice sastali su se 1. lipnja 2015. godine sa izaslanstvom makedonskih institucija i tijela u posjetu hrvatskim institucijama i tijelima uklju\u010denim u rad hrvatskog sustava suzbijanja zlo\u010dina iz mr\u017enje, u koji je kao \u010dlanica Radne skupine za pra\u0107enje zlo\u010dina iz mr\u017enje uklju\u010dena i pu\u010dka pravobraniteljica. S \u010dlanovima izaslanstva, koje su sa\u010dinjavali predstavnici makedonske [&hellip;]<\/p>\n","protected":false},"author":1,"featured_media":1054,"comment_status":"open","ping_status":"open","sticky":false,"template":"","format":"standard","meta":{"footnotes":""},"categories":[2090],"tags":[759,629,875],"class_list":["post-1055","post","type-post","status-publish","format-standard","has-post-thumbnail","hentry","category-novosti","tag-medunarodna-suradnja","tag-suzbijanje-diskriminacije","tag-oess"],"_links":{"self":[{"href":"https:\/\/www.ombudsman.hr\/hr\/wp-json\/wp\/v2\/posts\/1055","targetHints":{"allow":["GET"]}}],"collection":[{"href":"https:\/\/www.ombudsman.hr\/hr\/wp-json\/wp\/v2\/posts"}],"about":[{"href":"https:\/\/www.ombudsman.hr\/hr\/wp-json\/wp\/v2\/types\/post"}],"author":[{"embeddable":true,"href":"https:\/\/www.ombudsman.hr\/hr\/wp-json\/wp\/v2\/users\/1"}],"replies":[{"embeddable":true,"href":"https:\/\/www.ombudsman.hr\/hr\/wp-json\/wp\/v2\/comments?post=1055"}],"version-history":[{"count":2,"href":"https:\/\/www.ombudsman.hr\/hr\/wp-json\/wp\/v2\/posts\/1055\/revisions"}],"predecessor-version":[{"id":5391,"href":"https:\/\/www.ombudsman.hr\/hr\/wp-json\/wp\/v2\/posts\/1055\/revisions\/5391"}],"wp:featuredmedia":[{"embeddable":true,"href":"https:\/\/www.ombudsman.hr\/hr\/wp-json\/wp\/v2\/media\/1054"}],"wp:attachment":[{"href":"https:\/\/www.ombudsman.hr\/hr\/wp-json\/wp\/v2\/media?parent=1055"}],"wp:term":[{"taxonomy":"category","embeddable":true,"href":"https:\/\/www.ombudsman.hr\/hr\/wp-json\/wp\/v2\/categories?post=1055"},{"taxonomy":"post_tag","embeddable":true,"href":"https:\/\/www.ombudsman.hr\/hr\/wp-json\/wp\/v2\/tags?post=1055"}],"curies":[{"name":"wp","href":"https:\/\/api.w.org\/{rel}","templated":true}]}}