{"id":1047,"date":"2015-06-02T09:46:35","date_gmt":"2015-06-02T09:46:35","guid":{"rendered":"http:\/\/site.ombudsman.hr\/?p=1047"},"modified":"2019-05-17T17:36:12","modified_gmt":"2019-05-17T17:36:12","slug":"medunarodni-forum-za-lokalne-i-regionalne-vlasti-s-naglaskom-na-ljudska-prava-odrzan-u-grazu-28-i-29-svibnja-2015","status":"publish","type":"post","link":"https:\/\/www.ombudsman.hr\/hr\/medunarodni-forum-za-lokalne-i-regionalne-vlasti-s-naglaskom-na-ljudska-prava-odrzan-u-grazu-28-i-29-svibnja-2015\/","title":{"rendered":"Me\u0111unarodni forum za lokalne i regionalne vlasti s naglaskom  na ljudska prava, odr\u017ean u Grazu, 28. i 29. svibnja 2015."},"content":{"rendered":"<p style=\"text-align: left;\">U organizaciji Kongresa lokalnih i regionalnih vlasti Vije\u0107a Europe te Vlade pokrajine \u0160tajerske, grada Graza i Evropskog trening centra za razvoj ljudskih prava i demokracije odr\u017ean je Me\u0111unarodni\u00a0 implementarni forum na kojem su prisustvovali stru\u010dnjaci iz podru\u010dju ljudskih prava na lokalnoj razini uz sudjelovanje predstavnika UN-a, Vije\u0107a Europe i Europske unije.<\/p>\n<p style=\"text-align: left;\">Cilj foruma je bio izno\u0161enje i prezentiranje najboljih metoda i poticaja lokalnih te regionalnih vlasti sa naglaskom na ljudska prava u okviru svoje zakonom propisane nadle\u017enosti.<\/p>\n<p style=\"text-align: left;\">Drugi dan odr\u017eane su tri radionice za sve dionike na kojima je omogu\u0107eno izno\u0161enje pozitivnih primjera iz prakse, a sve u pravcu dono\u0161enja Op\u0107e deklaracije o ljudskim pravima na podru\u010dju lokalne i regionalne samouprave.<\/p>\n<p style=\"text-align: left;\">U ime Slu\u017ebe za za\u0161titu ljudskih prava forumu je prisustvovala Dragica Lozo, savjetnica pu\u010dke pravobraniteljice za pravne poslove.<\/p>\n","protected":false},"excerpt":{"rendered":"<p>U organizaciji Kongresa lokalnih i regionalnih vlasti Vije\u0107a Europe te Vlade pokrajine \u0160tajerske, grada Graza i Evropskog trening centra za razvoj ljudskih prava i demokracije odr\u017ean je Me\u0111unarodni\u00a0 implementarni forum na kojem su prisustvovali stru\u010dnjaci iz podru\u010dju ljudskih prava na lokalnoj razini uz sudjelovanje predstavnika UN-a, Vije\u0107a Europe i Europske unije. Cilj foruma je bio [&hellip;]<\/p>\n","protected":false},"author":1,"featured_media":1046,"comment_status":"open","ping_status":"open","sticky":false,"template":"","format":"standard","meta":{"footnotes":""},"categories":[2090],"tags":[759,1288],"class_list":["post-1047","post","type-post","status-publish","format-standard","has-post-thumbnail","hentry","category-novosti","tag-medunarodna-suradnja","tag-zastita-i-promocija-ljudskih-prava"],"_links":{"self":[{"href":"https:\/\/www.ombudsman.hr\/hr\/wp-json\/wp\/v2\/posts\/1047","targetHints":{"allow":["GET"]}}],"collection":[{"href":"https:\/\/www.ombudsman.hr\/hr\/wp-json\/wp\/v2\/posts"}],"about":[{"href":"https:\/\/www.ombudsman.hr\/hr\/wp-json\/wp\/v2\/types\/post"}],"author":[{"embeddable":true,"href":"https:\/\/www.ombudsman.hr\/hr\/wp-json\/wp\/v2\/users\/1"}],"replies":[{"embeddable":true,"href":"https:\/\/www.ombudsman.hr\/hr\/wp-json\/wp\/v2\/comments?post=1047"}],"version-history":[{"count":2,"href":"https:\/\/www.ombudsman.hr\/hr\/wp-json\/wp\/v2\/posts\/1047\/revisions"}],"predecessor-version":[{"id":5393,"href":"https:\/\/www.ombudsman.hr\/hr\/wp-json\/wp\/v2\/posts\/1047\/revisions\/5393"}],"wp:featuredmedia":[{"embeddable":true,"href":"https:\/\/www.ombudsman.hr\/hr\/wp-json\/wp\/v2\/media\/1046"}],"wp:attachment":[{"href":"https:\/\/www.ombudsman.hr\/hr\/wp-json\/wp\/v2\/media?parent=1047"}],"wp:term":[{"taxonomy":"category","embeddable":true,"href":"https:\/\/www.ombudsman.hr\/hr\/wp-json\/wp\/v2\/categories?post=1047"},{"taxonomy":"post_tag","embeddable":true,"href":"https:\/\/www.ombudsman.hr\/hr\/wp-json\/wp\/v2\/tags?post=1047"}],"curies":[{"name":"wp","href":"https:\/\/api.w.org\/{rel}","templated":true}]}}